{"id":1063,"date":"2013-12-19T22:31:23","date_gmt":"2013-12-19T22:31:23","guid":{"rendered":"http:\/\/www.tines-werkstatt.de\/?p=1063"},"modified":"2013-12-19T22:32:19","modified_gmt":"2013-12-19T22:32:19","slug":"weihnachtliche-gruesse","status":"publish","type":"post","link":"https:\/\/www.tines-werkstatt.de\/?p=1063","title":{"rendered":"Weihnachtliche Gr\u00fc\u00dfe"},"content":{"rendered":"<p>Ich w\u00fcnsche allen Blog-Leserinnen und Blog-Lesern besinnliche Weihnachtsfeiertage! Nach dem ganzen Weihnachtstrubel werde ich Euch endlich vorstellen, was in den letzten Wochen alles in der Werkstatt entstanden ist. Einiges davon liegt unter dem Weihnachtsbaum &#8211; daher kann ich es hier noch nicht zeigen :-)<\/p>\n<p style=\"text-align: center;\">\n<p style=\"text-align: center;\"><a href=\"https:\/\/www.tines-werkstatt.de\/wp-content\/uploads\/2013\/12\/IMG_9031.jpg\"><img loading=\"lazy\" decoding=\"async\" class=\"aligncenter size-thumbnail wp-image-1064\" alt=\"IMG_9031\" src=\"https:\/\/www.tines-werkstatt.de\/wp-content\/uploads\/2013\/12\/IMG_9031-150x150.jpg\" width=\"150\" height=\"150\" srcset=\"https:\/\/www.tines-werkstatt.de\/wp-content\/uploads\/2013\/12\/IMG_9031-150x150.jpg 150w, https:\/\/www.tines-werkstatt.de\/wp-content\/uploads\/2013\/12\/IMG_9031-200x200.jpg 200w\" sizes=\"(max-width: 150px) 100vw, 150px\" \/><\/a><\/p>\n<p>Bis bald, Tine ;-)<\/p>\n","protected":false},"excerpt":{"rendered":"<p>Ich w\u00fcnsche allen Blog-Leserinnen und Blog-Lesern besinnliche Weihnachtsfeiertage! Nach dem ganzen Weihnachtstrubel werde ich Euch endlich vorstellen, was in den letzten Wochen alles in der Werkstatt entstanden ist. Einiges davon liegt unter dem Weihnachtsbaum&#46;&#46;&#46;<\/p>\n","protected":false},"author":2,"featured_media":0,"comment_status":"open","ping_status":"closed","sticky":false,"template":"","format":"standard","meta":{"footnotes":""},"categories":[1],"tags":[],"class_list":["post-1063","post","type-post","status-publish","format-standard","hentry","category-own"],"_links":{"self":[{"href":"https:\/\/www.tines-werkstatt.de\/index.php?rest_route=\/wp\/v2\/posts\/1063"}],"collection":[{"href":"https:\/\/www.tines-werkstatt.de\/index.php?rest_route=\/wp\/v2\/posts"}],"about":[{"href":"https:\/\/www.tines-werkstatt.de\/index.php?rest_route=\/wp\/v2\/types\/post"}],"author":[{"embeddable":true,"href":"https:\/\/www.tines-werkstatt.de\/index.php?rest_route=\/wp\/v2\/users\/2"}],"replies":[{"embeddable":true,"href":"https:\/\/www.tines-werkstatt.de\/index.php?rest_route=%2Fwp%2Fv2%2Fcomments&post=1063"}],"version-history":[{"count":3,"href":"https:\/\/www.tines-werkstatt.de\/index.php?rest_route=\/wp\/v2\/posts\/1063\/revisions"}],"predecessor-version":[{"id":1067,"href":"https:\/\/www.tines-werkstatt.de\/index.php?rest_route=\/wp\/v2\/posts\/1063\/revisions\/1067"}],"wp:attachment":[{"href":"https:\/\/www.tines-werkstatt.de\/index.php?rest_route=%2Fwp%2Fv2%2Fmedia&parent=1063"}],"wp:term":[{"taxonomy":"category","embeddable":true,"href":"https:\/\/www.tines-werkstatt.de\/index.php?rest_route=%2Fwp%2Fv2%2Fcategories&post=1063"},{"taxonomy":"post_tag","embeddable":true,"href":"https:\/\/www.tines-werkstatt.de\/index.php?rest_route=%2Fwp%2Fv2%2Ftags&post=1063"}],"curies":[{"name":"wp","href":"https:\/\/api.w.org\/{rel}","templated":true}]}}