{"id":1005,"date":"2013-10-03T09:24:41","date_gmt":"2013-10-03T09:24:41","guid":{"rendered":"http:\/\/www.tines-werkstatt.de\/?p=1005"},"modified":"2019-01-07T18:14:18","modified_gmt":"2019-01-07T18:14:18","slug":"kleine-mitbringsel","status":"publish","type":"post","link":"https:\/\/www.tines-werkstatt.de\/?p=1005","title":{"rendered":"Kleine Mitbringsel"},"content":{"rendered":"<p>Wir sind demn\u00e4chst zu einem Geburtstag eingeladen und neben einem Gutschein soll es noch eine Kleinigkeit geben. Daher habe ich mich auf den virtuellen Weg zu <a href=\"http:\/\/http:\/\/www.grinsestern.com\/\" target=\"_blank\">grinsestern<\/a> gemacht und mir ihr Tat\u00fc-Tutorial angeschaut. Das gefiel mir schon immer, weil der Verschluss mal was anderes ist. F\u00fcr die Tat\u00fc-Tasche Nr. 1 den Stoff nach Anleitung zugeschnitten und ab auf die Maschine. Schnell noch eine Ziernaht angebracht und dann zusammenn\u00e4hen. Voila &#8211; die erste Tat\u00fc-Tasche war schon fertig:<\/p>\n<p style=\"text-align: center;\"><a href=\"https:\/\/www.tines-werkstatt.de\/wp-content\/uploads\/2013\/10\/DSCF2565.jpg\"><img loading=\"lazy\" decoding=\"async\" width=\"300\" height=\"225\" title=\"Die erste Tat\u00fc-Tasche nach Anleitung von grinsestern\" class=\"aligncenter size-medium wp-image-1034\" alt=\"\" src=\"https:\/\/www.tines-werkstatt.de\/wp-content\/uploads\/2013\/10\/DSCF2565-300x225.jpg\" srcset=\"https:\/\/www.tines-werkstatt.de\/wp-content\/uploads\/2013\/10\/DSCF2565-300x225.jpg 300w, https:\/\/www.tines-werkstatt.de\/wp-content\/uploads\/2013\/10\/DSCF2565.jpg 984w\" sizes=\"(max-width: 300px) 100vw, 300px\" \/><\/a><\/p>\n<p>Weil es so sch\u00f6n ging, habe ich das Schnittmuster etwas zusammengefasst, damit ich mir das Ann\u00e4hen des Kantenbandes sparen kann. Beide Teile im Zuschnitt aufaddiert und dann 1 cm Nahtzugabe weggerechnet (bleiben 15 cm x 22 cm \u00fcbrig), da der Schritt ja entf\u00e4llt. So sind dann heute gleich noch 3 weitere Tat\u00fc-Taschen entstanden:<\/p>\n<p><a href=\"https:\/\/www.tines-werkstatt.de\/wp-content\/uploads\/2013\/10\/DSCF2562.jpg\"><img loading=\"lazy\" decoding=\"async\" width=\"300\" height=\"225\" class=\"aligncenter size-medium wp-image-1031\" alt=\"Tat\u00fc-Tasche 4\" src=\"https:\/\/www.tines-werkstatt.de\/wp-content\/uploads\/2013\/10\/DSCF2562-300x225.jpg\" srcset=\"https:\/\/www.tines-werkstatt.de\/wp-content\/uploads\/2013\/10\/DSCF2562-300x225.jpg 300w, https:\/\/www.tines-werkstatt.de\/wp-content\/uploads\/2013\/10\/DSCF2562.jpg 984w\" sizes=\"(max-width: 300px) 100vw, 300px\" \/><\/a> <a href=\"https:\/\/www.tines-werkstatt.de\/wp-content\/uploads\/2013\/10\/DSCF2560.jpg\"><img loading=\"lazy\" decoding=\"async\" width=\"300\" height=\"225\" class=\"aligncenter size-medium wp-image-1030\" alt=\"Viele bunte Tat\u00fc-Taschen\" src=\"https:\/\/www.tines-werkstatt.de\/wp-content\/uploads\/2013\/10\/DSCF2560-300x225.jpg\" srcset=\"https:\/\/www.tines-werkstatt.de\/wp-content\/uploads\/2013\/10\/DSCF2560-300x225.jpg 300w, https:\/\/www.tines-werkstatt.de\/wp-content\/uploads\/2013\/10\/DSCF2560.jpg 984w\" sizes=\"(max-width: 300px) 100vw, 300px\" \/><\/a> <a href=\"https:\/\/www.tines-werkstatt.de\/wp-content\/uploads\/2013\/10\/DSCF2563.jpg\"><img loading=\"lazy\" decoding=\"async\" width=\"300\" height=\"225\" class=\"aligncenter size-medium wp-image-1032\" alt=\"Tat\u00fc-Tasche 3\" src=\"https:\/\/www.tines-werkstatt.de\/wp-content\/uploads\/2013\/10\/DSCF2563-300x225.jpg\" srcset=\"https:\/\/www.tines-werkstatt.de\/wp-content\/uploads\/2013\/10\/DSCF2563-300x225.jpg 300w, https:\/\/www.tines-werkstatt.de\/wp-content\/uploads\/2013\/10\/DSCF2563.jpg 984w\" sizes=\"(max-width: 300px) 100vw, 300px\" \/><\/a> <a href=\"https:\/\/www.tines-werkstatt.de\/wp-content\/uploads\/2013\/10\/DSCF2564.jpg\"><img loading=\"lazy\" decoding=\"async\" width=\"300\" height=\"225\" class=\"aligncenter size-medium wp-image-1033\" alt=\"Tat\u00fc-Taschae 2\" src=\"https:\/\/www.tines-werkstatt.de\/wp-content\/uploads\/2013\/10\/DSCF2564-300x225.jpg\" srcset=\"https:\/\/www.tines-werkstatt.de\/wp-content\/uploads\/2013\/10\/DSCF2564-300x225.jpg 300w, https:\/\/www.tines-werkstatt.de\/wp-content\/uploads\/2013\/10\/DSCF2564.jpg 984w\" sizes=\"(max-width: 300px) 100vw, 300px\" \/><\/a><\/p>\n<p>Nun muss ich mich nur noch entscheiden, welche ich zum Geburtstag mitnehme.<\/p>\n<p>Bis bald, Tine :-)<\/p>\n","protected":false},"excerpt":{"rendered":"<p>Wir sind demn\u00e4chst zu einem Geburtstag eingeladen und neben einem Gutschein soll es noch eine Kleinigkeit geben. Daher habe ich mich auf den virtuellen Weg zu grinsestern gemacht und mir ihr Tat\u00fc-Tutorial angeschaut. Das&#46;&#46;&#46;<\/p>\n","protected":false},"author":2,"featured_media":1030,"comment_status":"open","ping_status":"closed","sticky":false,"template":"","format":"standard","meta":{"footnotes":""},"categories":[62],"tags":[15,8,31,55],"class_list":["post-1005","post","type-post","status-publish","format-standard","has-post-thumbnail","hentry","category-handmade","tag-geschenke","tag-nahen","tag-praktisches","tag-tatue-tasche"],"_links":{"self":[{"href":"https:\/\/www.tines-werkstatt.de\/index.php?rest_route=\/wp\/v2\/posts\/1005"}],"collection":[{"href":"https:\/\/www.tines-werkstatt.de\/index.php?rest_route=\/wp\/v2\/posts"}],"about":[{"href":"https:\/\/www.tines-werkstatt.de\/index.php?rest_route=\/wp\/v2\/types\/post"}],"author":[{"embeddable":true,"href":"https:\/\/www.tines-werkstatt.de\/index.php?rest_route=\/wp\/v2\/users\/2"}],"replies":[{"embeddable":true,"href":"https:\/\/www.tines-werkstatt.de\/index.php?rest_route=%2Fwp%2Fv2%2Fcomments&post=1005"}],"version-history":[{"count":4,"href":"https:\/\/www.tines-werkstatt.de\/index.php?rest_route=\/wp\/v2\/posts\/1005\/revisions"}],"predecessor-version":[{"id":1670,"href":"https:\/\/www.tines-werkstatt.de\/index.php?rest_route=\/wp\/v2\/posts\/1005\/revisions\/1670"}],"wp:featuredmedia":[{"embeddable":true,"href":"https:\/\/www.tines-werkstatt.de\/index.php?rest_route=\/wp\/v2\/media\/1030"}],"wp:attachment":[{"href":"https:\/\/www.tines-werkstatt.de\/index.php?rest_route=%2Fwp%2Fv2%2Fmedia&parent=1005"}],"wp:term":[{"taxonomy":"category","embeddable":true,"href":"https:\/\/www.tines-werkstatt.de\/index.php?rest_route=%2Fwp%2Fv2%2Fcategories&post=1005"},{"taxonomy":"post_tag","embeddable":true,"href":"https:\/\/www.tines-werkstatt.de\/index.php?rest_route=%2Fwp%2Fv2%2Ftags&post=1005"}],"curies":[{"name":"wp","href":"https:\/\/api.w.org\/{rel}","templated":true}]}}