{"id":1001,"date":"2013-09-30T20:43:18","date_gmt":"2013-09-30T20:43:18","guid":{"rendered":"http:\/\/www.tines-werkstatt.de\/?p=1001"},"modified":"2013-09-30T20:43:18","modified_gmt":"2013-09-30T20:43:18","slug":"tauschpartnerin-gesucht","status":"publish","type":"post","link":"https:\/\/www.tines-werkstatt.de\/?p=1001","title":{"rendered":"TauschpartnerIn gesucht&#8230;."},"content":{"rendered":"<p>Das Chaos in der Werkstatt war wieder mal gro\u00df und so habe ich einen Abend geopfert und f\u00fcr Ordnung gesorgt. Das war auch dringend notwendig, denn ich musste feststellen, dass ich bei meinen Schnittmustern leicht die \u00dcbersicht verloren habe. Ich finde die klein Fan\u00f6 von Farbenmix ganz toll und sie steht auf meiner To-Do-Liste f\u00fcr unser kleines M\u00e4dchen ganz weit oben (geplant bis zum Geburtstag Ende Oktober &#8211; in diesem Jahr wohlgemerkt :-)). Nun musste ich doch feststellen, dass ich sie doppelt habe *kopfsch\u00fcttel*. Daher suche ich nun eine\/-n TauschpartnerIn f\u00fcr mein 2. Exemplar. Findet sich jemand von Euch, der mir ein anderes Schnittmuster zum Tausch anbieten kann? Ich freue mich \u00fcber jede Nachricht :-)<\/p>\n<p>Bis bald, Tine ;-)<\/p>\n","protected":false},"excerpt":{"rendered":"<p>Das Chaos in der Werkstatt war wieder mal gro\u00df und so habe ich einen Abend geopfert und f\u00fcr Ordnung gesorgt. Das war auch dringend notwendig, denn ich musste feststellen, dass ich bei meinen Schnittmustern&#46;&#46;&#46;<\/p>\n","protected":false},"author":2,"featured_media":0,"comment_status":"open","ping_status":"closed","sticky":false,"template":"","format":"standard","meta":{"footnotes":""},"categories":[1],"tags":[48,8,52,53],"class_list":["post-1001","post","type-post","status-publish","format-standard","hentry","category-own","tag-kleidung","tag-nahen","tag-schnittmuster","tag-tauschen"],"_links":{"self":[{"href":"https:\/\/www.tines-werkstatt.de\/index.php?rest_route=\/wp\/v2\/posts\/1001"}],"collection":[{"href":"https:\/\/www.tines-werkstatt.de\/index.php?rest_route=\/wp\/v2\/posts"}],"about":[{"href":"https:\/\/www.tines-werkstatt.de\/index.php?rest_route=\/wp\/v2\/types\/post"}],"author":[{"embeddable":true,"href":"https:\/\/www.tines-werkstatt.de\/index.php?rest_route=\/wp\/v2\/users\/2"}],"replies":[{"embeddable":true,"href":"https:\/\/www.tines-werkstatt.de\/index.php?rest_route=%2Fwp%2Fv2%2Fcomments&post=1001"}],"version-history":[{"count":3,"href":"https:\/\/www.tines-werkstatt.de\/index.php?rest_route=\/wp\/v2\/posts\/1001\/revisions"}],"predecessor-version":[{"id":1004,"href":"https:\/\/www.tines-werkstatt.de\/index.php?rest_route=\/wp\/v2\/posts\/1001\/revisions\/1004"}],"wp:attachment":[{"href":"https:\/\/www.tines-werkstatt.de\/index.php?rest_route=%2Fwp%2Fv2%2Fmedia&parent=1001"}],"wp:term":[{"taxonomy":"category","embeddable":true,"href":"https:\/\/www.tines-werkstatt.de\/index.php?rest_route=%2Fwp%2Fv2%2Fcategories&post=1001"},{"taxonomy":"post_tag","embeddable":true,"href":"https:\/\/www.tines-werkstatt.de\/index.php?rest_route=%2Fwp%2Fv2%2Ftags&post=1001"}],"curies":[{"name":"wp","href":"https:\/\/api.w.org\/{rel}","templated":true}]}}